{"id":16163,"date":"2025-09-17T06:22:58","date_gmt":"2025-09-17T10:22:58","guid":{"rendered":"https:\/\/cila.co\/le-cila-fait-lobjet-dun-reportage-dans-lemission-the-national-de-la-cbc-concernant-les-refus-arbitraires-dircc-de-demandes-de-visa-voir-la-video\/"},"modified":"2026-05-25T05:27:45","modified_gmt":"2026-05-25T09:27:45","slug":"le-cila-fait-lobjet-dun-reportage-dans-lemission-the-national-de-la-cbc-concernant-les-refus-arbitraires-dircc-de-demandes-de-visa-voir-la-video","status":"publish","type":"post","link":"https:\/\/cila.co\/fr\/le-cila-fait-lobjet-dun-reportage-dans-lemission-the-national-de-la-cbc-concernant-les-refus-arbitraires-dircc-de-demandes-de-visa-voir-la-video\/?lang=fr","title":{"rendered":"L&#8217;ACAI fait l&#8217;objet d&#8217;un reportage dans l&#8217;\u00e9mission The National de la CBC concernant les refus arbitraires de demandes de visa par IRCC (voir la vid\u00e9o)."},"content":{"rendered":"<p>L&#8217;ACAI a fait l&#8217;objet d&#8217;un reportage dans l&#8217;\u00e9pisode du 16 septembre 2025 de l&#8217;\u00e9mission The National de la CBC concernant l&#8217;augmentation du nombre de refus arbitraires de visas par IRCC.<\/p>\n<p><!--more--><\/p>\n<p><iframe title=\"Lawyers question Canada&#039;s immigration refusals, link issue to technology\" width=\"800\" height=\"450\" src=\"https:\/\/www.youtube.com\/embed\/Wuysa52zVa0?feature=oembed\" frameborder=\"0\" allow=\"accelerometer; autoplay; clipboard-write; encrypted-media; gyroscope; picture-in-picture; web-share\" referrerpolicy=\"strict-origin-when-cross-origin\" allowfullscreen><\/iframe><\/p>\n<p>Le mois dernier, l&#8217;ACAI a \u00e9crit une lettre \u00e0 IRCC pour lui faire part de ses pr\u00e9occupations concernant le taux plus \u00e9lev\u00e9 de refus arbitraires de demandes de VRT et pour lui pr\u00e9senter des solutions potentielles. La CBC a \u00e9galement couvert cette lettre dans l&#8217;<a href=\"https:\/\/www.cbc.ca\/news\/canada\/nova-scotia\/immigration-canada-ircc-technology-1.7632130\">article suivant.<\/a> <\/p>\n<p><a href=\"https:\/\/cila.co\/wp-content\/uploads\/2025\/08\/CILA-Letter-to-IRCC-on-TRV-Refusals-August-2025.pdf\">Cliquez ici<\/a> pour lire la lettre d&#8217;ao\u00fbt 2025 de L&#8217;ACAI \u00e0 l&#8217;IRCC sur cette question.<\/p>","protected":false},"excerpt":{"rendered":"<p>L&#8217;ACAI a fait l&#8217;objet d&#8217;un reportage dans l&#8217;\u00e9pisode du 16 septembre 2025 de l&#8217;\u00e9mission The National de la CBC concernant l&#8217;augmentation du nombre de refus arbitraires de visas par IRCC.<\/p>","protected":false},"author":115,"featured_media":12380,"comment_status":"closed","ping_status":"open","sticky":false,"template":"","format":"standard","meta":{"inline_featured_image":false,"footnotes":""},"categories":[11,6,593],"tags":[696,25,24,695,44],"class_list":["post-16163","post","type-post","status-publish","format-standard","has-post-thumbnail","hentry","category-cila-in-the-news","category-thought-leadership","category-positions","tag-cbc","tag-client-experience","tag-ircc","tag-justice","tag-trv"],"aioseo_notices":[],"aioseo_head":"\n\t\t<!-- All in One SEO 5.0.1.1 - aioseo.com -->\n\t<meta name=\"description\" content=\"L&#039;ACAI a fait l&#039;objet d&#039;un reportage dans l&#039;\u00e9pisode du 16 septembre 2025 de l&#039;\u00e9mission The National de la CBC concernant l&#039;augmentation du nombre de refus arbitraires de visas par IRCC. Le mois dernier, l&#039;ACAI a \u00e9crit une lettre \u00e0 IRCC pour lui faire part de ses pr\u00e9occupations concernant le taux plus \u00e9lev\u00e9 de refus arbitraires\" \/>\n\t<meta name=\"robots\" content=\"max-snippet:-1, max-image-preview:large, max-video-preview:-1\" \/>\n\t<meta name=\"author\" content=\"CILA\"\/>\n\t<link rel=\"canonical\" href=\"https:\/\/cila.co\/fr\/le-cila-fait-lobjet-dun-reportage-dans-lemission-the-national-de-la-cbc-concernant-les-refus-arbitraires-dircc-de-demandes-de-visa-voir-la-video\/?lang=fr\" \/>\n\t<meta name=\"generator\" content=\"All in One SEO (AIOSEO) 5.0.1.1\" \/>\n\t\t<meta property=\"og:locale\" content=\"en_US\" \/>\n\t\t<meta property=\"og:site_name\" content=\"Canadian Immigration Lawyers Association (CILA) | CILA seeks to promote a stronger Canadian immigration system through research, collaboration, mentorship, knowledge sharing, and more.\" \/>\n\t\t<meta property=\"og:type\" content=\"article\" \/>\n\t\t<meta property=\"og:title\" content=\"L\u2019ACAI fait l\u2019objet d\u2019un reportage dans l\u2019\u00e9mission The National de la CBC concernant les refus arbitraires de demandes de visa par IRCC (voir la vid\u00e9o). | Canadian Immigration Lawyers Association (CILA)\" \/>\n\t\t<meta property=\"og:description\" content=\"L&#039;ACAI a fait l&#039;objet d&#039;un reportage dans l&#039;\u00e9pisode du 16 septembre 2025 de l&#039;\u00e9mission The National de la CBC concernant l&#039;augmentation du nombre de refus arbitraires de visas par IRCC. Le mois dernier, l&#039;ACAI a \u00e9crit une lettre \u00e0 IRCC pour lui faire part de ses pr\u00e9occupations concernant le taux plus \u00e9lev\u00e9 de refus arbitraires\" \/>\n\t\t<meta property=\"og:url\" content=\"https:\/\/cila.co\/fr\/le-cila-fait-lobjet-dun-reportage-dans-lemission-the-national-de-la-cbc-concernant-les-refus-arbitraires-dircc-de-demandes-de-visa-voir-la-video\/?lang=fr\" \/>\n\t\t<meta property=\"og:image\" content=\"https:\/\/cila.co\/wp-content\/uploads\/2025\/04\/pexels-pavel-danilyuk-8112199.jpg\" \/>\n\t\t<meta property=\"og:image:secure_url\" content=\"https:\/\/cila.co\/wp-content\/uploads\/2025\/04\/pexels-pavel-danilyuk-8112199.jpg\" \/>\n\t\t<meta property=\"og:image:width\" content=\"1200\" \/>\n\t\t<meta property=\"og:image:height\" content=\"800\" \/>\n\t\t<meta property=\"article:published_time\" content=\"2025-09-17T10:22:58+00:00\" \/>\n\t\t<meta property=\"article:modified_time\" content=\"2026-05-25T09:27:45+00:00\" \/>\n\t\t<meta property=\"article:publisher\" content=\"https:\/\/www.facebook.com\/cilavoice\/\" \/>\n\t\t<meta name=\"twitter:card\" content=\"summary_large_image\" \/>\n\t\t<meta name=\"twitter:site\" content=\"@CILAvoice\" \/>\n\t\t<meta name=\"twitter:title\" content=\"L\u2019ACAI fait l\u2019objet d\u2019un reportage dans l\u2019\u00e9mission The National de la CBC concernant les refus arbitraires de demandes de visa par IRCC (voir la vid\u00e9o). | Canadian Immigration Lawyers Association (CILA)\" \/>\n\t\t<meta name=\"twitter:description\" content=\"L&#039;ACAI a fait l&#039;objet d&#039;un reportage dans l&#039;\u00e9pisode du 16 septembre 2025 de l&#039;\u00e9mission The National de la CBC concernant l&#039;augmentation du nombre de refus arbitraires de visas par IRCC. Le mois dernier, l&#039;ACAI a \u00e9crit une lettre \u00e0 IRCC pour lui faire part de ses pr\u00e9occupations concernant le taux plus \u00e9lev\u00e9 de refus arbitraires\" \/>\n\t\t<meta name=\"twitter:creator\" content=\"@CILAvoice\" \/>\n\t\t<meta name=\"twitter:image\" content=\"https:\/\/cila.co\/wp-content\/uploads\/2025\/04\/pexels-pavel-danilyuk-8112199.jpg\" \/>\n\t\t<script type=\"application\/ld+json\" class=\"aioseo-schema\">\n\t\t\t{\"@context\":\"https:\\\/\\\/schema.org\",\"@graph\":[{\"@type\":\"BreadcrumbList\",\"@id\":\"https:\\\/\\\/cila.co\\\/fr\\\/le-cila-fait-lobjet-dun-reportage-dans-lemission-the-national-de-la-cbc-concernant-les-refus-arbitraires-dircc-de-demandes-de-visa-voir-la-video\\\/?lang=fr#breadcrumblist\",\"itemListElement\":[{\"@type\":\"ListItem\",\"@id\":\"https:\\\/\\\/cila.co\\\/fr#listItem\",\"position\":1,\"name\":\"Home\",\"item\":\"https:\\\/\\\/cila.co\\\/fr\",\"nextItem\":{\"@type\":\"ListItem\",\"@id\":\"https:\\\/\\\/cila.co\\\/fr\\\/category\\\/thought-leadership\\\/#listItem\",\"name\":\"Thought Leadership\"}},{\"@type\":\"ListItem\",\"@id\":\"https:\\\/\\\/cila.co\\\/fr\\\/category\\\/thought-leadership\\\/#listItem\",\"position\":2,\"name\":\"Thought Leadership\",\"item\":\"https:\\\/\\\/cila.co\\\/fr\\\/category\\\/thought-leadership\\\/\",\"nextItem\":{\"@type\":\"ListItem\",\"@id\":\"https:\\\/\\\/cila.co\\\/fr\\\/le-cila-fait-lobjet-dun-reportage-dans-lemission-the-national-de-la-cbc-concernant-les-refus-arbitraires-dircc-de-demandes-de-visa-voir-la-video\\\/?lang=fr#listItem\",\"name\":\"L&#8217;ACAI fait l&#8217;objet d&#8217;un reportage dans l&#8217;\\u00e9mission The National de la CBC concernant les refus arbitraires de demandes de visa par IRCC (voir la vid\\u00e9o).\"},\"previousItem\":{\"@type\":\"ListItem\",\"@id\":\"https:\\\/\\\/cila.co\\\/fr#listItem\",\"name\":\"Home\"}},{\"@type\":\"ListItem\",\"@id\":\"https:\\\/\\\/cila.co\\\/fr\\\/le-cila-fait-lobjet-dun-reportage-dans-lemission-the-national-de-la-cbc-concernant-les-refus-arbitraires-dircc-de-demandes-de-visa-voir-la-video\\\/?lang=fr#listItem\",\"position\":3,\"name\":\"L&#8217;ACAI fait l&#8217;objet d&#8217;un reportage dans l&#8217;\\u00e9mission The National de la CBC concernant les refus arbitraires de demandes de visa par IRCC (voir la vid\\u00e9o).\",\"previousItem\":{\"@type\":\"ListItem\",\"@id\":\"https:\\\/\\\/cila.co\\\/fr\\\/category\\\/thought-leadership\\\/#listItem\",\"name\":\"Thought Leadership\"}}]},{\"@type\":\"NewsArticle\",\"@id\":\"https:\\\/\\\/cila.co\\\/fr\\\/le-cila-fait-lobjet-dun-reportage-dans-lemission-the-national-de-la-cbc-concernant-les-refus-arbitraires-dircc-de-demandes-de-visa-voir-la-video\\\/?lang=fr#newsarticle\",\"name\":\"L\\u2019ACAI fait l\\u2019objet d\\u2019un reportage dans l\\u2019\\u00e9mission The National de la CBC concernant les refus arbitraires de demandes de visa par IRCC (voir la vid\\u00e9o). | Canadian Immigration Lawyers Association (CILA)\",\"headline\":\"L&#8217;ACAI fait l&#8217;objet d&#8217;un reportage dans l&#8217;\\u00e9mission The National de la CBC concernant les refus arbitraires de demandes de visa par IRCC (voir la vid\\u00e9o).\",\"author\":{\"@id\":\"https:\\\/\\\/cila.co\\\/fr\\\/author\\\/root-2-2-2-2-2-2-2-2\\\/#author\"},\"publisher\":{\"@id\":\"https:\\\/\\\/cila.co\\\/fr\\\/#organization\"},\"image\":{\"@type\":\"ImageObject\",\"url\":\"https:\\\/\\\/cila.co\\\/wp-content\\\/uploads\\\/2025\\\/04\\\/pexels-pavel-danilyuk-8112199.jpg\",\"width\":1200,\"height\":800},\"datePublished\":\"2025-09-17T06:22:58-04:00\",\"dateModified\":\"2026-05-25T05:27:45-04:00\",\"inLanguage\":\"en-US\",\"mainEntityOfPage\":{\"@id\":\"https:\\\/\\\/cila.co\\\/fr\\\/le-cila-fait-lobjet-dun-reportage-dans-lemission-the-national-de-la-cbc-concernant-les-refus-arbitraires-dircc-de-demandes-de-visa-voir-la-video\\\/?lang=fr#webpage\"},\"isPartOf\":{\"@id\":\"https:\\\/\\\/cila.co\\\/fr\\\/le-cila-fait-lobjet-dun-reportage-dans-lemission-the-national-de-la-cbc-concernant-les-refus-arbitraires-dircc-de-demandes-de-visa-voir-la-video\\\/?lang=fr#webpage\"},\"articleSection\":\"CILA in the news, Thought Leadership, Policy Positions, cbc, client experience, ircc, justice, trv, Optional\",\"dateline\":\"Published on September 17, 2025.\"},{\"@type\":\"Organization\",\"@id\":\"https:\\\/\\\/cila.co\\\/fr\\\/#organization\",\"name\":\"Canadian Immigration Lawyers Association\",\"description\":\"CILA seeks to promote a stronger Canadian immigration system through research, collaboration, mentorship, knowledge sharing, and more.\",\"url\":\"https:\\\/\\\/cila.co\\\/fr\\\/\",\"logo\":{\"@type\":\"ImageObject\",\"url\":\"https:\\\/\\\/cila.co\\\/wp-content\\\/uploads\\\/2024\\\/03\\\/pexels-adi-k-2382868.jpg\",\"@id\":\"https:\\\/\\\/cila.co\\\/fr\\\/le-cila-fait-lobjet-dun-reportage-dans-lemission-the-national-de-la-cbc-concernant-les-refus-arbitraires-dircc-de-demandes-de-visa-voir-la-video\\\/?lang=fr\\\/#organizationLogo\",\"width\":1200,\"height\":800},\"image\":{\"@id\":\"https:\\\/\\\/cila.co\\\/fr\\\/le-cila-fait-lobjet-dun-reportage-dans-lemission-the-national-de-la-cbc-concernant-les-refus-arbitraires-dircc-de-demandes-de-visa-voir-la-video\\\/?lang=fr\\\/#organizationLogo\"},\"sameAs\":[\"https:\\\/\\\/www.facebook.com\\\/cilavoice\\\/\",\"https:\\\/\\\/twitter.com\\\/CILAvoice\",\"https:\\\/\\\/www.linkedin.com\\\/company\\\/canadian-immigration-lawyers-association\\\/\"]},{\"@type\":\"Person\",\"@id\":\"https:\\\/\\\/cila.co\\\/fr\\\/author\\\/root-2-2-2-2-2-2-2-2\\\/#author\",\"url\":\"https:\\\/\\\/cila.co\\\/fr\\\/author\\\/root-2-2-2-2-2-2-2-2\\\/\",\"name\":\"CILA\",\"image\":{\"@type\":\"ImageObject\",\"@id\":\"https:\\\/\\\/cila.co\\\/fr\\\/le-cila-fait-lobjet-dun-reportage-dans-lemission-the-national-de-la-cbc-concernant-les-refus-arbitraires-dircc-de-demandes-de-visa-voir-la-video\\\/?lang=fr#authorImage\",\"url\":\"https:\\\/\\\/secure.gravatar.com\\\/avatar\\\/3c8d148e38385cf5929cb7dd1f7b53948577556a06d2d4e712e741fc4acd4800?s=96&d=mm&r=g\",\"width\":96,\"height\":96,\"caption\":\"CILA\"}},{\"@type\":\"WebPage\",\"@id\":\"https:\\\/\\\/cila.co\\\/fr\\\/le-cila-fait-lobjet-dun-reportage-dans-lemission-the-national-de-la-cbc-concernant-les-refus-arbitraires-dircc-de-demandes-de-visa-voir-la-video\\\/?lang=fr#webpage\",\"url\":\"https:\\\/\\\/cila.co\\\/fr\\\/le-cila-fait-lobjet-dun-reportage-dans-lemission-the-national-de-la-cbc-concernant-les-refus-arbitraires-dircc-de-demandes-de-visa-voir-la-video\\\/?lang=fr\",\"name\":\"L\\u2019ACAI fait l\\u2019objet d\\u2019un reportage dans l\\u2019\\u00e9mission The National de la CBC concernant les refus arbitraires de demandes de visa par IRCC (voir la vid\\u00e9o). | Canadian Immigration Lawyers Association (CILA)\",\"description\":\"L'ACAI a fait l'objet d'un reportage dans l'\\u00e9pisode du 16 septembre 2025 de l'\\u00e9mission The National de la CBC concernant l'augmentation du nombre de refus arbitraires de visas par IRCC. Le mois dernier, l'ACAI a \\u00e9crit une lettre \\u00e0 IRCC pour lui faire part de ses pr\\u00e9occupations concernant le taux plus \\u00e9lev\\u00e9 de refus arbitraires\",\"inLanguage\":\"en-US\",\"isPartOf\":{\"@id\":\"https:\\\/\\\/cila.co\\\/fr\\\/#website\"},\"breadcrumb\":{\"@id\":\"https:\\\/\\\/cila.co\\\/fr\\\/le-cila-fait-lobjet-dun-reportage-dans-lemission-the-national-de-la-cbc-concernant-les-refus-arbitraires-dircc-de-demandes-de-visa-voir-la-video\\\/?lang=fr#breadcrumblist\"},\"author\":{\"@id\":\"https:\\\/\\\/cila.co\\\/fr\\\/author\\\/root-2-2-2-2-2-2-2-2\\\/#author\"},\"creator\":{\"@id\":\"https:\\\/\\\/cila.co\\\/fr\\\/author\\\/root-2-2-2-2-2-2-2-2\\\/#author\"},\"image\":{\"@type\":\"ImageObject\",\"url\":\"https:\\\/\\\/cila.co\\\/wp-content\\\/uploads\\\/2025\\\/04\\\/pexels-pavel-danilyuk-8112199.jpg\",\"@id\":\"https:\\\/\\\/cila.co\\\/fr\\\/le-cila-fait-lobjet-dun-reportage-dans-lemission-the-national-de-la-cbc-concernant-les-refus-arbitraires-dircc-de-demandes-de-visa-voir-la-video\\\/?lang=fr\\\/#mainImage\",\"width\":1200,\"height\":800},\"primaryImageOfPage\":{\"@id\":\"https:\\\/\\\/cila.co\\\/fr\\\/le-cila-fait-lobjet-dun-reportage-dans-lemission-the-national-de-la-cbc-concernant-les-refus-arbitraires-dircc-de-demandes-de-visa-voir-la-video\\\/?lang=fr#mainImage\"},\"datePublished\":\"2025-09-17T06:22:58-04:00\",\"dateModified\":\"2026-05-25T05:27:45-04:00\"},{\"@type\":\"WebSite\",\"@id\":\"https:\\\/\\\/cila.co\\\/fr\\\/#website\",\"url\":\"https:\\\/\\\/cila.co\\\/fr\\\/\",\"name\":\"Canadian Immigration Lawyers Association (CILA)\",\"description\":\"CILA seeks to promote a stronger Canadian immigration system through research, collaboration, mentorship, knowledge sharing, and more.\",\"inLanguage\":\"en-US\",\"publisher\":{\"@id\":\"https:\\\/\\\/cila.co\\\/fr\\\/#organization\"}}]}\n\t\t<\/script>\n\t\t<!-- All in One SEO -->\n\n","aioseo_head_json":{"title":"L\u2019ACAI fait l\u2019objet d\u2019un reportage dans l\u2019\u00e9mission The National de la CBC concernant les refus arbitraires de demandes de visa par IRCC (voir la vid\u00e9o). | Canadian Immigration Lawyers Association (CILA)","description":"L'ACAI a fait l'objet d'un reportage dans l'\u00e9pisode du 16 septembre 2025 de l'\u00e9mission The National de la CBC concernant l'augmentation du nombre de refus arbitraires de visas par IRCC. Le mois dernier, l'ACAI a \u00e9crit une lettre \u00e0 IRCC pour lui faire part de ses pr\u00e9occupations concernant le taux plus \u00e9lev\u00e9 de refus arbitraires","canonical_url":"https:\/\/cila.co\/fr\/le-cila-fait-lobjet-dun-reportage-dans-lemission-the-national-de-la-cbc-concernant-les-refus-arbitraires-dircc-de-demandes-de-visa-voir-la-video\/?lang=fr","robots":"max-snippet:-1, max-image-preview:large, max-video-preview:-1","keywords":"","webmasterTools":{"miscellaneous":""},"schema":{"@context":"https:\/\/schema.org","@graph":[{"@type":"BreadcrumbList","@id":"https:\/\/cila.co\/fr\/le-cila-fait-lobjet-dun-reportage-dans-lemission-the-national-de-la-cbc-concernant-les-refus-arbitraires-dircc-de-demandes-de-visa-voir-la-video\/?lang=fr#breadcrumblist","itemListElement":[{"@type":"ListItem","@id":"https:\/\/cila.co\/fr#listItem","position":1,"name":"Home","item":"https:\/\/cila.co\/fr","nextItem":{"@type":"ListItem","@id":"https:\/\/cila.co\/fr\/category\/thought-leadership\/#listItem","name":"Thought Leadership"}},{"@type":"ListItem","@id":"https:\/\/cila.co\/fr\/category\/thought-leadership\/#listItem","position":2,"name":"Thought Leadership","item":"https:\/\/cila.co\/fr\/category\/thought-leadership\/","nextItem":{"@type":"ListItem","@id":"https:\/\/cila.co\/fr\/le-cila-fait-lobjet-dun-reportage-dans-lemission-the-national-de-la-cbc-concernant-les-refus-arbitraires-dircc-de-demandes-de-visa-voir-la-video\/?lang=fr#listItem","name":"L&#8217;ACAI fait l&#8217;objet d&#8217;un reportage dans l&#8217;\u00e9mission The National de la CBC concernant les refus arbitraires de demandes de visa par IRCC (voir la vid\u00e9o)."},"previousItem":{"@type":"ListItem","@id":"https:\/\/cila.co\/fr#listItem","name":"Home"}},{"@type":"ListItem","@id":"https:\/\/cila.co\/fr\/le-cila-fait-lobjet-dun-reportage-dans-lemission-the-national-de-la-cbc-concernant-les-refus-arbitraires-dircc-de-demandes-de-visa-voir-la-video\/?lang=fr#listItem","position":3,"name":"L&#8217;ACAI fait l&#8217;objet d&#8217;un reportage dans l&#8217;\u00e9mission The National de la CBC concernant les refus arbitraires de demandes de visa par IRCC (voir la vid\u00e9o).","previousItem":{"@type":"ListItem","@id":"https:\/\/cila.co\/fr\/category\/thought-leadership\/#listItem","name":"Thought Leadership"}}]},{"@type":"NewsArticle","@id":"https:\/\/cila.co\/fr\/le-cila-fait-lobjet-dun-reportage-dans-lemission-the-national-de-la-cbc-concernant-les-refus-arbitraires-dircc-de-demandes-de-visa-voir-la-video\/?lang=fr#newsarticle","name":"L\u2019ACAI fait l\u2019objet d\u2019un reportage dans l\u2019\u00e9mission The National de la CBC concernant les refus arbitraires de demandes de visa par IRCC (voir la vid\u00e9o). | Canadian Immigration Lawyers Association (CILA)","headline":"L&#8217;ACAI fait l&#8217;objet d&#8217;un reportage dans l&#8217;\u00e9mission The National de la CBC concernant les refus arbitraires de demandes de visa par IRCC (voir la vid\u00e9o).","author":{"@id":"https:\/\/cila.co\/fr\/author\/root-2-2-2-2-2-2-2-2\/#author"},"publisher":{"@id":"https:\/\/cila.co\/fr\/#organization"},"image":{"@type":"ImageObject","url":"https:\/\/cila.co\/wp-content\/uploads\/2025\/04\/pexels-pavel-danilyuk-8112199.jpg","width":1200,"height":800},"datePublished":"2025-09-17T06:22:58-04:00","dateModified":"2026-05-25T05:27:45-04:00","inLanguage":"en-US","mainEntityOfPage":{"@id":"https:\/\/cila.co\/fr\/le-cila-fait-lobjet-dun-reportage-dans-lemission-the-national-de-la-cbc-concernant-les-refus-arbitraires-dircc-de-demandes-de-visa-voir-la-video\/?lang=fr#webpage"},"isPartOf":{"@id":"https:\/\/cila.co\/fr\/le-cila-fait-lobjet-dun-reportage-dans-lemission-the-national-de-la-cbc-concernant-les-refus-arbitraires-dircc-de-demandes-de-visa-voir-la-video\/?lang=fr#webpage"},"articleSection":"CILA in the news, Thought Leadership, Policy Positions, cbc, client experience, ircc, justice, trv, Optional","dateline":"Published on September 17, 2025."},{"@type":"Organization","@id":"https:\/\/cila.co\/fr\/#organization","name":"Canadian Immigration Lawyers Association","description":"CILA seeks to promote a stronger Canadian immigration system through research, collaboration, mentorship, knowledge sharing, and more.","url":"https:\/\/cila.co\/fr\/","logo":{"@type":"ImageObject","url":"https:\/\/cila.co\/wp-content\/uploads\/2024\/03\/pexels-adi-k-2382868.jpg","@id":"https:\/\/cila.co\/fr\/le-cila-fait-lobjet-dun-reportage-dans-lemission-the-national-de-la-cbc-concernant-les-refus-arbitraires-dircc-de-demandes-de-visa-voir-la-video\/?lang=fr\/#organizationLogo","width":1200,"height":800},"image":{"@id":"https:\/\/cila.co\/fr\/le-cila-fait-lobjet-dun-reportage-dans-lemission-the-national-de-la-cbc-concernant-les-refus-arbitraires-dircc-de-demandes-de-visa-voir-la-video\/?lang=fr\/#organizationLogo"},"sameAs":["https:\/\/www.facebook.com\/cilavoice\/","https:\/\/twitter.com\/CILAvoice","https:\/\/www.linkedin.com\/company\/canadian-immigration-lawyers-association\/"]},{"@type":"Person","@id":"https:\/\/cila.co\/fr\/author\/root-2-2-2-2-2-2-2-2\/#author","url":"https:\/\/cila.co\/fr\/author\/root-2-2-2-2-2-2-2-2\/","name":"CILA","image":{"@type":"ImageObject","@id":"https:\/\/cila.co\/fr\/le-cila-fait-lobjet-dun-reportage-dans-lemission-the-national-de-la-cbc-concernant-les-refus-arbitraires-dircc-de-demandes-de-visa-voir-la-video\/?lang=fr#authorImage","url":"https:\/\/secure.gravatar.com\/avatar\/3c8d148e38385cf5929cb7dd1f7b53948577556a06d2d4e712e741fc4acd4800?s=96&d=mm&r=g","width":96,"height":96,"caption":"CILA"}},{"@type":"WebPage","@id":"https:\/\/cila.co\/fr\/le-cila-fait-lobjet-dun-reportage-dans-lemission-the-national-de-la-cbc-concernant-les-refus-arbitraires-dircc-de-demandes-de-visa-voir-la-video\/?lang=fr#webpage","url":"https:\/\/cila.co\/fr\/le-cila-fait-lobjet-dun-reportage-dans-lemission-the-national-de-la-cbc-concernant-les-refus-arbitraires-dircc-de-demandes-de-visa-voir-la-video\/?lang=fr","name":"L\u2019ACAI fait l\u2019objet d\u2019un reportage dans l\u2019\u00e9mission The National de la CBC concernant les refus arbitraires de demandes de visa par IRCC (voir la vid\u00e9o). | Canadian Immigration Lawyers Association (CILA)","description":"L'ACAI a fait l'objet d'un reportage dans l'\u00e9pisode du 16 septembre 2025 de l'\u00e9mission The National de la CBC concernant l'augmentation du nombre de refus arbitraires de visas par IRCC. Le mois dernier, l'ACAI a \u00e9crit une lettre \u00e0 IRCC pour lui faire part de ses pr\u00e9occupations concernant le taux plus \u00e9lev\u00e9 de refus arbitraires","inLanguage":"en-US","isPartOf":{"@id":"https:\/\/cila.co\/fr\/#website"},"breadcrumb":{"@id":"https:\/\/cila.co\/fr\/le-cila-fait-lobjet-dun-reportage-dans-lemission-the-national-de-la-cbc-concernant-les-refus-arbitraires-dircc-de-demandes-de-visa-voir-la-video\/?lang=fr#breadcrumblist"},"author":{"@id":"https:\/\/cila.co\/fr\/author\/root-2-2-2-2-2-2-2-2\/#author"},"creator":{"@id":"https:\/\/cila.co\/fr\/author\/root-2-2-2-2-2-2-2-2\/#author"},"image":{"@type":"ImageObject","url":"https:\/\/cila.co\/wp-content\/uploads\/2025\/04\/pexels-pavel-danilyuk-8112199.jpg","@id":"https:\/\/cila.co\/fr\/le-cila-fait-lobjet-dun-reportage-dans-lemission-the-national-de-la-cbc-concernant-les-refus-arbitraires-dircc-de-demandes-de-visa-voir-la-video\/?lang=fr\/#mainImage","width":1200,"height":800},"primaryImageOfPage":{"@id":"https:\/\/cila.co\/fr\/le-cila-fait-lobjet-dun-reportage-dans-lemission-the-national-de-la-cbc-concernant-les-refus-arbitraires-dircc-de-demandes-de-visa-voir-la-video\/?lang=fr#mainImage"},"datePublished":"2025-09-17T06:22:58-04:00","dateModified":"2026-05-25T05:27:45-04:00"},{"@type":"WebSite","@id":"https:\/\/cila.co\/fr\/#website","url":"https:\/\/cila.co\/fr\/","name":"Canadian Immigration Lawyers Association (CILA)","description":"CILA seeks to promote a stronger Canadian immigration system through research, collaboration, mentorship, knowledge sharing, and more.","inLanguage":"en-US","publisher":{"@id":"https:\/\/cila.co\/fr\/#organization"}}]},"og:locale":"en_US","og:site_name":"Canadian Immigration Lawyers Association (CILA) | CILA seeks to promote a stronger Canadian immigration system through research, collaboration, mentorship, knowledge sharing, and more.","og:type":"article","og:title":"L\u2019ACAI fait l\u2019objet d\u2019un reportage dans l\u2019\u00e9mission The National de la CBC concernant les refus arbitraires de demandes de visa par IRCC (voir la vid\u00e9o). | Canadian Immigration Lawyers Association (CILA)","og:description":"L'ACAI a fait l'objet d'un reportage dans l'\u00e9pisode du 16 septembre 2025 de l'\u00e9mission The National de la CBC concernant l'augmentation du nombre de refus arbitraires de visas par IRCC. Le mois dernier, l'ACAI a \u00e9crit une lettre \u00e0 IRCC pour lui faire part de ses pr\u00e9occupations concernant le taux plus \u00e9lev\u00e9 de refus arbitraires","og:url":"https:\/\/cila.co\/fr\/le-cila-fait-lobjet-dun-reportage-dans-lemission-the-national-de-la-cbc-concernant-les-refus-arbitraires-dircc-de-demandes-de-visa-voir-la-video\/?lang=fr","og:image":"https:\/\/cila.co\/wp-content\/uploads\/2025\/04\/pexels-pavel-danilyuk-8112199.jpg","og:image:secure_url":"https:\/\/cila.co\/wp-content\/uploads\/2025\/04\/pexels-pavel-danilyuk-8112199.jpg","og:image:width":"1200","og:image:height":"800","article:published_time":"2025-09-17T10:22:58+00:00","article:modified_time":"2026-05-25T09:27:45+00:00","article:publisher":"https:\/\/www.facebook.com\/cilavoice\/","twitter:card":"summary_large_image","twitter:site":"@CILAvoice","twitter:title":"L\u2019ACAI fait l\u2019objet d\u2019un reportage dans l\u2019\u00e9mission The National de la CBC concernant les refus arbitraires de demandes de visa par IRCC (voir la vid\u00e9o). | Canadian Immigration Lawyers Association (CILA)","twitter:description":"L'ACAI a fait l'objet d'un reportage dans l'\u00e9pisode du 16 septembre 2025 de l'\u00e9mission The National de la CBC concernant l'augmentation du nombre de refus arbitraires de visas par IRCC. Le mois dernier, l'ACAI a \u00e9crit une lettre \u00e0 IRCC pour lui faire part de ses pr\u00e9occupations concernant le taux plus \u00e9lev\u00e9 de refus arbitraires","twitter:creator":"@CILAvoice","twitter:image":"https:\/\/cila.co\/wp-content\/uploads\/2025\/04\/pexels-pavel-danilyuk-8112199.jpg"},"aioseo_meta_data":{"post_id":"16163","title":null,"description":null,"keywords":null,"keyphrases":{"focus":{"keyphrase":"","score":0,"analysis":{"keyphraseInTitle":{"score":0,"maxScore":9,"error":1}}},"additional":[]},"primary_term":null,"canonical_url":null,"og_title":null,"og_description":null,"og_object_type":"default","og_image_type":"featured","og_image_url":"http:\/\/cila.co\/wp-content\/uploads\/2025\/04\/pexels-pavel-danilyuk-8112199.jpg","og_image_width":"1200","og_image_height":"800","og_image_custom_url":null,"og_image_custom_fields":null,"og_video":"","og_custom_url":null,"og_article_section":null,"og_article_tags":null,"twitter_use_og":false,"twitter_card":"default","twitter_image_type":"featured","twitter_image_url":"http:\/\/cila.co\/wp-content\/uploads\/2025\/04\/pexels-pavel-danilyuk-8112199.jpg","twitter_image_custom_url":null,"twitter_image_custom_fields":null,"twitter_title":null,"twitter_description":null,"schema":{"blockGraphs":[],"customGraphs":[],"default":{"data":{"Article":[],"Course":[],"Dataset":[],"FAQPage":[],"Movie":[],"Person":[],"Product":[],"ProductReview":[],"Car":[],"Recipe":[],"Service":[],"SoftwareApplication":[],"WebPage":[]},"graphName":"NewsArticle","isEnabled":true},"graphs":[]},"schema_type":"default","schema_type_options":null,"pillar_content":false,"robots_default":true,"robots_noindex":false,"robots_noarchive":false,"robots_nosnippet":false,"robots_nofollow":false,"robots_noimageindex":false,"robots_noodp":false,"robots_notranslate":false,"robots_max_snippet":"-1","robots_max_videopreview":"-1","robots_max_imagepreview":"large","priority":null,"frequency":"default","local_seo":null,"breadcrumb_settings":null,"limit_modified_date":false,"ai":null,"created":"2026-05-24 15:54:19","updated":"2026-05-25 12:59:19","seo_analyzer_scan_date":null,"focus_keyword":null,"additional_keywords":null,"truseo_locale":null},"aioseo_breadcrumb":"<div class=\"aioseo-breadcrumbs\"><span class=\"aioseo-breadcrumb\">\n\t\t\t<a href=\"https:\/\/cila.co\/fr\" title=\"Home\">Home<\/a>\n\t\t<\/span><span class=\"aioseo-breadcrumb-separator\">&raquo;<\/span><span class=\"aioseo-breadcrumb\">\n\t\t\t<a href=\"https:\/\/cila.co\/fr\/category\/thought-leadership\/\" title=\"Thought Leadership\">Thought Leadership<\/a>\n\t\t<\/span><span class=\"aioseo-breadcrumb-separator\">&raquo;<\/span><span class=\"aioseo-breadcrumb\">\n\t\t\tL\u2019ACAI fait l\u2019objet d\u2019un reportage dans l\u2019\u00e9mission The National de la CBC concernant les refus arbitraires de demandes de visa par IRCC (voir la vid\u00e9o).\n\t\t<\/span><\/div>","aioseo_breadcrumb_json":[{"label":"Home","link":"https:\/\/cila.co\/fr"},{"label":"Thought Leadership","link":"https:\/\/cila.co\/fr\/category\/thought-leadership\/"},{"label":"L&#8217;ACAI fait l&#8217;objet d&#8217;un reportage dans l&#8217;\u00e9mission The National de la CBC concernant les refus arbitraires de demandes de visa par IRCC (voir la vid\u00e9o).","link":"https:\/\/cila.co\/fr\/le-cila-fait-lobjet-dun-reportage-dans-lemission-the-national-de-la-cbc-concernant-les-refus-arbitraires-dircc-de-demandes-de-visa-voir-la-video\/?lang=fr"}],"_links":{"self":[{"href":"https:\/\/cila.co\/fr\/wp-json\/wp\/v2\/posts\/16163","targetHints":{"allow":["GET"]}}],"collection":[{"href":"https:\/\/cila.co\/fr\/wp-json\/wp\/v2\/posts"}],"about":[{"href":"https:\/\/cila.co\/fr\/wp-json\/wp\/v2\/types\/post"}],"author":[{"embeddable":true,"href":"https:\/\/cila.co\/fr\/wp-json\/wp\/v2\/users\/115"}],"replies":[{"embeddable":true,"href":"https:\/\/cila.co\/fr\/wp-json\/wp\/v2\/comments?post=16163"}],"version-history":[{"count":2,"href":"https:\/\/cila.co\/fr\/wp-json\/wp\/v2\/posts\/16163\/revisions"}],"predecessor-version":[{"id":17243,"href":"https:\/\/cila.co\/fr\/wp-json\/wp\/v2\/posts\/16163\/revisions\/17243"}],"wp:featuredmedia":[{"embeddable":true,"href":"https:\/\/cila.co\/fr\/wp-json\/wp\/v2\/media\/12380"}],"wp:attachment":[{"href":"https:\/\/cila.co\/fr\/wp-json\/wp\/v2\/media?parent=16163"}],"wp:term":[{"taxonomy":"category","embeddable":true,"href":"https:\/\/cila.co\/fr\/wp-json\/wp\/v2\/categories?post=16163"},{"taxonomy":"post_tag","embeddable":true,"href":"https:\/\/cila.co\/fr\/wp-json\/wp\/v2\/tags?post=16163"}],"curies":[{"name":"wp","href":"https:\/\/api.w.org\/{rel}","templated":true}]}}